{"id":417,"date":"2023-03-06T22:50:49","date_gmt":"2023-03-06T21:50:49","guid":{"rendered":"https:\/\/traqueursdimages.fr\/?p=417"},"modified":"2023-03-06T23:00:57","modified_gmt":"2023-03-06T22:00:57","slug":"prochaines-expos-des-traqueurs","status":"publish","type":"post","link":"https:\/\/traqueursdimages.fr\/index.php\/2023\/03\/06\/prochaines-expos-des-traqueurs\/","title":{"rendered":"Prochaines expos des Traqueurs"},"content":{"rendered":"\n<p><\/p>\n\n\n<div class=\"wp-block-image\">\n<figure class=\"alignleft size-large is-resized\"><img loading=\"lazy\" decoding=\"async\" src=\"https:\/\/traqueursdimages.fr\/wp-content\/uploads\/2021\/11\/klipartz.com_-880x1024.png\" alt=\"\" class=\"wp-image-299\" width=\"271\" height=\"316\"\/><\/figure><\/div>\n\n\n<div class=\"wp-block-group has-light-gray-background-color has-background\"><div class=\"wp-block-group__inner-container is-layout-flow wp-block-group-is-layout-flow\">\n<p><strong>Samedi 22 avril et dimanche&nbsp; 23 avril<\/strong><\/p>\n\n\n\n<p>Au Ch\u00e2teau de l\u2019 Arthaudi\u00e8re \u00e0 St Bonnet de Chavagne<\/p>\n\n\n\n<p>2 expos : <strong>\u201cAu Ras du Sol\u201d<\/strong> et <strong>\u201cVin et Vignes\u201d<\/strong><\/p>\n\n\n\n<p>de 8 h \u00e0 18 h.<\/p>\n\n\n\n<p>Vernissage samedi 22 avril \u00e0 18 h<\/p>\n<\/div><\/div>\n\n\n\n<p><\/p>\n\n\n\n<div class=\"wp-block-group has-light-gray-background-color has-background\"><div class=\"wp-block-group__inner-container is-layout-flow wp-block-group-is-layout-flow\">\n<p><strong>Expo annuelle <\/strong>\u00e0 St hilaire du Rosier \u00e0 l\u2019Espace Doyon (\u00e0 c\u00f4t\u00e9 de la M\u00e9diath\u00e8que)<\/p>\n\n\n\n<p><strong>\u201cContre Jour\u201d<\/strong><\/p>\n\n\n\n<p><strong>Vernissage vendredi 16 juin 18 h 30<\/strong><\/p>\n\n\n\n<p>Permanences samedi 17 et dimanche 18 juin<\/p>\n<\/div><\/div>\n\n\n\n<p><\/p>\n","protected":false},"excerpt":{"rendered":"<p>Samedi 22 avril et dimanche&nbsp; 23 avril Au Ch\u00e2teau de l\u2019 Arthaudi\u00e8re \u00e0 St Bonnet de Chavagne 2 expos : \u201cAu Ras du Sol\u201d et \u201cVin et Vignes\u201d de 8 h \u00e0 18 h. Vernissage<span class=\"more-button\"><a href=\"https:\/\/traqueursdimages.fr\/index.php\/2023\/03\/06\/prochaines-expos-des-traqueurs\/\" class=\"more-link\">La suite&#8230;<span class=\"screen-reader-text\">Prochaines expos des Traqueurs<\/span><i class=\"fa fa-angle-right\" aria-hidden=\"true\"><\/i><\/a><\/span><\/p>\n","protected":false},"author":1,"featured_media":422,"comment_status":"open","ping_status":"open","sticky":true,"template":"","format":"standard","meta":{"footnotes":""},"categories":[6,5],"tags":[],"class_list":["post-417","post","type-post","status-publish","format-standard","has-post-thumbnail","hentry","category-activite","category-exposition"],"_links":{"self":[{"href":"https:\/\/traqueursdimages.fr\/index.php\/wp-json\/wp\/v2\/posts\/417","targetHints":{"allow":["GET"]}}],"collection":[{"href":"https:\/\/traqueursdimages.fr\/index.php\/wp-json\/wp\/v2\/posts"}],"about":[{"href":"https:\/\/traqueursdimages.fr\/index.php\/wp-json\/wp\/v2\/types\/post"}],"author":[{"embeddable":true,"href":"https:\/\/traqueursdimages.fr\/index.php\/wp-json\/wp\/v2\/users\/1"}],"replies":[{"embeddable":true,"href":"https:\/\/traqueursdimages.fr\/index.php\/wp-json\/wp\/v2\/comments?post=417"}],"version-history":[{"count":5,"href":"https:\/\/traqueursdimages.fr\/index.php\/wp-json\/wp\/v2\/posts\/417\/revisions"}],"predecessor-version":[{"id":423,"href":"https:\/\/traqueursdimages.fr\/index.php\/wp-json\/wp\/v2\/posts\/417\/revisions\/423"}],"wp:featuredmedia":[{"embeddable":true,"href":"https:\/\/traqueursdimages.fr\/index.php\/wp-json\/wp\/v2\/media\/422"}],"wp:attachment":[{"href":"https:\/\/traqueursdimages.fr\/index.php\/wp-json\/wp\/v2\/media?parent=417"}],"wp:term":[{"taxonomy":"category","embeddable":true,"href":"https:\/\/traqueursdimages.fr\/index.php\/wp-json\/wp\/v2\/categories?post=417"},{"taxonomy":"post_tag","embeddable":true,"href":"https:\/\/traqueursdimages.fr\/index.php\/wp-json\/wp\/v2\/tags?post=417"}],"curies":[{"name":"wp","href":"https:\/\/api.w.org\/{rel}","templated":true}]}}